{"id":2579,"date":"2022-10-03T15:22:38","date_gmt":"2022-10-03T12:22:38","guid":{"rendered":"https:\/\/www.fundomundo.com\/kesfet\/?p=2579"},"modified":"2022-10-03T15:22:38","modified_gmt":"2022-10-03T12:22:38","slug":"iklim-krizi-nedir-iklim-krizi-icin-neler-yapilabilir","status":"publish","type":"post","link":"https:\/\/www.fundomundo.com\/kesfet\/iklim-krizi-nedir-iklim-krizi-icin-neler-yapilabilir","title":{"rendered":"\u0130klim Krizi Nedir? \u0130klim Krizi \u0130\u00e7in Neler Yap\u0131labilir?"},"content":{"rendered":"\n<p>\u00c7a\u011f\u0131m\u0131z\u0131n en b\u00fcy\u00fck sorunlar\u0131ndan birisi olan iklim krizi ile t\u00fcm d\u00fcnya olduk\u00e7a \u00e7arp\u0131c\u0131 bir \u015fekilde y\u00fczle\u015fiyor. D\u00fcnyam\u0131z\u0131 her ge\u00e7en g\u00fcn daha da y\u0131prat\u0131p ya\u015fanmas\u0131 zor hale d\u00f6n\u00fc\u015ft\u00fcren bu kriz, gereken \u00f6nlemler al\u0131n\u0131p engellenmedi\u011finde ne yaz\u0131k ki 22. y\u00fczy\u0131la geldi\u011fimizde bildi\u011fimizden \u00e7ok daha farkl\u0131 bir d\u00fcnya ile kar\u015f\u0131la\u015fmam\u0131za neden olacak. K\u00fcresel iklim krizine dair merak ettiklerinizi ve nas\u0131l engellemeye \u00e7al\u0131\u015fabilece\u011fimizin yan\u0131tlar\u0131 sizin i\u00e7in haz\u0131rlad\u0131\u011f\u0131m\u0131z yaz\u0131m\u0131zda.<\/p>\n\n\n\n<h2 id=\"iklim-krizi-nedir\"><strong>\u0130klim Krizi Nedir?<\/strong><\/h2>\n\n\n\n<p>\u0130klim krizini k\u0131saca iklim ko\u015fullar\u0131ndaki dengesiz ve zararl\u0131 de\u011fi\u015fimler olarak tan\u0131mlayabiliriz. K\u00fcresel \u0131s\u0131nma ve di\u011fer benzer sorunlarla do\u011frudan ili\u015fkili olan iklim krizi, yery\u00fcz\u00fcn\u00fcn gittik\u00e7e kurakla\u015fmas\u0131na, s\u0131cakl\u0131k art\u0131\u015flar\u0131n\u0131n olmas\u0131na ve \u00f6ng\u00f6r\u00fclemeyen ya\u011f\u0131\u015flar ve hava olaylar\u0131n\u0131n daha s\u0131k ortaya \u00e7\u0131kmas\u0131na neden oluyor. Bu korkutucu tablo i\u00e7in d\u00fcnya genelinde devletler ve bir\u00e7ok uluslararas\u0131 organizasyonlar \u00f6nlem tedbirleri al\u0131yorlar.<\/p>\n\n\n\n<h2 id=\"iklim-krizinin-nedenleri-nelerdir\"><strong>\u0130klim Krizinin Nedenleri Nelerdir?<\/strong><\/h2>\n\n\n\n<p>T\u00fcm <a href=\"https:\/\/www.fundomundo.com\/tr-tr\/gokyuzu-gezegenler\">gezegen<\/a>i etkisi alt\u0131na alan iklim krizinin nedenleri aras\u0131nda bir\u00e7ok fakt\u00f6r yer al\u0131yor. Sanayile\u015fme ve fosil yak\u0131t t\u00fcketiminin olumsuz etkileri iklim krizinin temellerini olu\u015fturuyor. 1700\u2019l\u00fc y\u0131llar\u0131n sonralar\u0131ndan itibaren Avrupa\u2019da ba\u015flayan sanayi devrimi petrol t\u00fcketimini birlikte getirdi. Bu durum d\u00fcnya atmosferinin daha \u00f6nceden g\u00f6r\u00fclmedi\u011fi \u015fekilde \u0131s\u0131nmas\u0131na neden oldu. Giderek \u00e7o\u011falan n\u00fcfusun d\u00fcnyam\u0131za zarar veren bu etkenlerin daha geni\u015f bir kullan\u0131m alan\u0131na yay\u0131lmas\u0131na neden oldu\u011funu s\u00f6yleyebiliriz.<\/p>\n\n\n\n<h2 id=\"iklim-krizi-nasil-onlenir\"><strong>\u0130klim Krizi Nas\u0131l \u00d6nlenir?<\/strong><\/h2>\n\n\n\n<p>\u0130klim krizinin sonu\u00e7lar\u0131 art\u0131k g\u00f6zle g\u00f6r\u00fcl\u00fcr seviyeye geldi\u011finden beri bilim insanlar\u0131 bu durumu engellemek i\u00e7in neler yap\u0131labilece\u011fi konusunda ara\u015ft\u0131rma ve \u00e7al\u0131\u015fma i\u00e7indeler. Uluslararas\u0131 protokoller, h\u00fck\u00fcmetlerin karbon sal\u0131n\u0131m\u0131n\u0131 azaltmalar\u0131n\u0131 sa\u011flayarak iklim krizi etkilerinin azaltmaya \u00e7aba g\u00f6steriyor. Elbette yaln\u0131zca h\u00fck\u00fcmetlerin protokoller olu\u015fturmalar\u0131 bu durumu engellemek i\u00e7in yeterli de\u011fil; uzmanlar bireysel k\u00fc\u00e7\u00fck ad\u0131mlar\u0131n k\u00fcresel \u00e7apta etki yarataca\u011f\u0131n\u0131n alt\u0131n\u0131 \u00e7iziyorlar.<\/p>\n\n\n\n<h2 id=\"iklim-krizi-sonuclari-nelerdir\"><strong>\u0130klim Krizi Sonu\u00e7lar\u0131 Nelerdir?<\/strong><\/h2>\n\n\n\n<p>\u0130klim krizi, d\u00fcnyan\u0131n farkl\u0131 b\u00f6lgelerinde farkl\u0131 sonu\u00e7lara neden olacak bir g\u00fcce sahip. baz\u0131 b\u00f6lgeler di\u011ferlerine g\u00f6re daha \u00e7ok \u0131s\u0131nacak, baz\u0131 b\u00f6lgelerde ya\u011f\u0131\u015flar artacak, baz\u0131 b\u00f6lgelerde ise kurakl\u0131klar yayg\u0131nla\u015facak. Ne yaz\u0131k ki a\u015f\u0131r\u0131 iklim olaylar\u0131n\u0131n \u015fimdiden s\u0131kla\u015ft\u0131\u011f\u0131n\u0131 ve insanlar\u0131n hayatlar\u0131n\u0131 ve ge\u00e7im kaynaklar\u0131n\u0131 tehdit etti\u011fini s\u00f6yleyebiliriz. K\u00fcresel \u0131s\u0131nmas\u0131n\u0131 y\u00fckselmesi ile tar\u0131m alanlar\u0131 \u00e7\u00f6lle\u015febilir ve bu durumda baz\u0131 b\u00f6lgeler ya\u015fanmaz hale gelebilir ya da tam tersi s\u00f6z konusu olarak ya\u011f\u0131\u015flar, b\u00fcy\u00fck sellere neden olabilir. Di\u011fer yandan okyanuslar\u0131m\u0131z ve bar\u0131nd\u0131rd\u0131\u011f\u0131 ekosisteminde de tehlike sinyalleri \u00e7oktan gelmeye ba\u015flad\u0131. Sular\u0131n \u0131s\u0131nmas\u0131 nedeniyle Avustralya\u2019daki B\u00fcy\u00fck Set Resifi su alt\u0131 yalam ortam\u0131nda bulunan mercan kayal\u0131klar\u0131n\u0131n 1995 y\u0131l\u0131ndan bu yana yakla\u015f\u0131k y\u00fczde ellisi yok oldu. Havan\u0131n fazla \u0131s\u0131nmas\u0131 ve kurumas\u0131 ile orman yang\u0131nlar\u0131 s\u0131kla\u015ft\u0131. D\u00fcnyan\u0131n di\u011fer bir ucundaki Sibirya\u2019da buzlar\u0131n erimesi, onlarca y\u0131ld\u0131r buzun alt\u0131nda kalan sera gazlar\u0131n\u0131n da atmosfere y\u00fckselmesine neden oldu.<\/p>\n\n\n\n<h2 id=\"iklim-krizi-icin-neler-yapilabilir\"><strong>\u0130klim Krizi \u0130\u00e7in Neler Yap\u0131labilir?<\/strong><\/h2>\n\n\n\n<p>\u0130klim krizinin etkilerini azaltmak i\u00e7in bireysel olarak da yapabilece\u011fimiz bir\u00e7ok \u015fey var. \u00c7evre bilinci kazanmak ve bunu \u00e7evremize a\u015f\u0131lamak bu m\u00fccadelenin temelini olu\u015fturuyor. Bu nedenle \u2018Bir tek benim etkimle ne olacak?\u2019 diye d\u00fc\u015f\u00fcnmek yerine bireysel ad\u0131mlar\u0131n\u0131z\u0131 atmaya devam edebilirsiniz.<\/p>\n\n\n\n<ul><li>Plastik po\u015fet yerine bez \u00e7anta ya da kese ka\u011f\u0131d\u0131 kullanabilirsiniz.<\/li><li>Kahvenizi al\u0131rken tek kullan\u0131ml\u0131k bardak kullanmak yerine termosunuzu yan\u0131n\u0131zda ta\u015f\u0131yabilirsiniz<\/li><li>Yan\u0131n\u0131zda su mataras\u0131 bulundurabilirsiniz.<\/li><li>Tek kullan\u0131ml\u0131k plastik pipet yerine metal ya da cam pipetleri tercih edebilirsiniz.<\/li><li>Banyo s\u00fcrenizi k\u0131sa tutarak fazla su t\u00fcketilmesini engellemi\u015f olursunuz.<\/li><li>Y\u00fcr\u00fcyerek gidebilece\u011finiz mesafeler i\u00e7in arac\u0131n\u0131z\u0131 kullanmak yerine y\u00fcr\u00fcyebilir ya da toplu ta\u015f\u0131maya binebilirsiniz.<\/li><li>Mevsimin sebze ve meyvelerini t\u00fcketebilirsiniz.<\/li><li>Et t\u00fcketimini azaltabilirsiniz.<\/li><\/ul>\n","protected":false},"excerpt":{"rendered":"<p>\u00c7a\u011f\u0131m\u0131z\u0131n en b\u00fcy\u00fck sorunlar\u0131ndan birisi olan iklim krizi ile t\u00fcm d\u00fcnya olduk\u00e7a \u00e7arp\u0131c\u0131 bir \u015fekilde y\u00fczle\u015fiyor. D\u00fcnyam\u0131z\u0131 her ge\u00e7en g\u00fcn daha da y\u0131prat\u0131p ya\u015fanmas\u0131 zor hale d\u00f6n\u00fc\u015ft\u00fcren bu kriz, gereken&hellip;<\/p>\n","protected":false},"author":2,"featured_media":2595,"comment_status":"closed","ping_status":"open","sticky":false,"template":"","format":"standard","meta":[],"categories":[1],"tags":[],"powerkit_post_featured":[],"_links":{"self":[{"href":"https:\/\/www.fundomundo.com\/kesfet\/wp-json\/wp\/v2\/posts\/2579"}],"collection":[{"href":"https:\/\/www.fundomundo.com\/kesfet\/wp-json\/wp\/v2\/posts"}],"about":[{"href":"https:\/\/www.fundomundo.com\/kesfet\/wp-json\/wp\/v2\/types\/post"}],"author":[{"embeddable":true,"href":"https:\/\/www.fundomundo.com\/kesfet\/wp-json\/wp\/v2\/users\/2"}],"replies":[{"embeddable":true,"href":"https:\/\/www.fundomundo.com\/kesfet\/wp-json\/wp\/v2\/comments?post=2579"}],"version-history":[{"count":1,"href":"https:\/\/www.fundomundo.com\/kesfet\/wp-json\/wp\/v2\/posts\/2579\/revisions"}],"predecessor-version":[{"id":2580,"href":"https:\/\/www.fundomundo.com\/kesfet\/wp-json\/wp\/v2\/posts\/2579\/revisions\/2580"}],"wp:featuredmedia":[{"embeddable":true,"href":"https:\/\/www.fundomundo.com\/kesfet\/wp-json\/wp\/v2\/media\/2595"}],"wp:attachment":[{"href":"https:\/\/www.fundomundo.com\/kesfet\/wp-json\/wp\/v2\/media?parent=2579"}],"wp:term":[{"taxonomy":"category","embeddable":true,"href":"https:\/\/www.fundomundo.com\/kesfet\/wp-json\/wp\/v2\/categories?post=2579"},{"taxonomy":"post_tag","embeddable":true,"href":"https:\/\/www.fundomundo.com\/kesfet\/wp-json\/wp\/v2\/tags?post=2579"},{"taxonomy":"powerkit_post_featured","embeddable":true,"href":"https:\/\/www.fundomundo.com\/kesfet\/wp-json\/wp\/v2\/powerkit_post_featured?post=2579"}],"curies":[{"name":"wp","href":"https:\/\/api.w.org\/{rel}","templated":true}]}}