{"id":2893,"date":"2023-02-03T11:02:56","date_gmt":"2023-02-03T08:02:56","guid":{"rendered":"https:\/\/www.fundomundo.com\/kesfet\/?p=2893"},"modified":"2023-02-03T11:02:57","modified_gmt":"2023-02-03T08:02:57","slug":"fransizca-aylar-turkce-okunuslari-ve-yazimlari","status":"publish","type":"post","link":"https:\/\/www.fundomundo.com\/kesfet\/fransizca-aylar-turkce-okunuslari-ve-yazimlari","title":{"rendered":"Frans\u0131zca Aylar, T\u00fcrk\u00e7e Okunu\u015flar\u0131 ve Yaz\u0131mlar\u0131"},"content":{"rendered":"\n<p>Avrupa k\u0131tas\u0131n\u0131n en \u00e7ok konu\u015fulan dilleri aras\u0131nda yer alan Frans\u0131zca, \u00e7ocuktan gence bir\u00e7ok ki\u015fi taraf\u0131ndan \u00f6\u011frenilmek isteniyor. E\u011fitim, i\u015f d\u00fcnyas\u0131 ya da tamamen yeni bir dil ile yeni bir d\u00fcnyan\u0131n kap\u0131s\u0131n\u0131 aralamak i\u00e7in\u2026 Frans\u0131zca dil e\u011fitiminin ilk konular\u0131 aras\u0131nda yer alan Frans\u0131zca aylar konusunu t\u00fcm ayr\u0131nt\u0131lar\u0131 ile \u00f6\u011frenelim.<\/p>\n\n\n\n<h2 id=\"fransizca-aylar\"><strong>Frans\u0131zca Aylar<\/strong><\/h2>\n\n\n\n<p>Saatler, g\u00fcnler, aylar ve mevsimler g\u00fcnl\u00fck konu\u015fmalar\u0131m\u0131z\u0131n olmazsa olmazlar\u0131ndan. Siz de Frans\u0131zca \u00f6\u011freniyor ve Frans\u0131zca aylar\u0131n nas\u0131l yaz\u0131ld\u0131\u011f\u0131n\u0131, nas\u0131l T\u00fcrk\u00e7e okundu\u011funu merak ediyorsan\u0131z tam size g\u00f6re bir i\u00e7erik haz\u0131rlad\u0131k.<\/p>\n\n\n\n<p>Frans\u0131zca aylar\u0131 kolayl\u0131kla \u00f6\u011frenebilmek i\u00e7in pratik kartlar\u0131 haz\u0131rlayabilir, ritmik bir \u015fekilde melodilendirerek s\u00f6yleyebiliriz bu hem \u00e7ok e\u011flenceli hem de olduk\u00e7a basit bir y\u00f6ntem olacakt\u0131r. Ard\u0131ndan yaz\u0131l\u0131\u015f bi\u00e7imlerini peki\u015ftirmek i\u00e7in kendi c\u00fcmlelerinizi yazmaya ba\u015flayabilirsiniz.<\/p>\n\n\n\n<h2 id=\"fransizca-aylar-yazilisi-ipuclari\"><strong>Frans\u0131zca Aylar Yaz\u0131l\u0131\u015f\u0131 \u0130pu\u00e7lar\u0131<\/strong><\/h2>\n\n\n\n<p>Frans\u0131zca ay isimleri k\u00fc\u00e7\u00fck harfle ba\u015flar ve bu \u015fekilde yaz\u0131l\u0131r. Frans\u0131zca aylar\u0131 ezberlerken do\u011fru \u015fekilde telaffuz etmeye de \u00e7ok dikkat etmelisiniz. Frans\u0131zca aylar konusunu tam olarak \u00f6\u011frenmi\u015f olman\u0131z i\u00e7in hem ay isimlerinin yaz\u0131l\u0131\u015f ipu\u00e7lar\u0131na hem de do\u011fru telaffuz edilmesine \u00f6zen g\u00f6stermelisiniz. A\u015fa\u011f\u0131daki ba\u015fl\u0131klar\u0131m\u0131zda Frans\u0131zca aylar\u0131n yaz\u0131l\u0131\u015flar\u0131n\u0131 ve okunu\u015flar\u0131 ile kar\u015f\u0131la\u015facaks\u0131n\u0131z.<\/p>\n\n\n\n<p><strong>Frans\u0131zca Aylar ve T\u00fcrk\u00e7e Anlamlar\u0131<\/strong><\/p>\n\n\n\n<ul><li>janvier \u2013 Ocak<\/li><li>f\u00e9vrier \u2013 \u015eubat<\/li><li>mars \u2013 Mart<\/li><li>avril \u2013 Nisan<\/li><li>mai \u2013 May\u0131s<\/li><li>juin \u2013 Haziran<\/li><li>juillet \u2013 Temmuz<\/li><li>ao\u00fbt \u2013 A\u011fustos<\/li><li>semtembre \u2013 Eyl\u00fcl<\/li><li>octobre \u2013 Ekim<\/li><li>novembre \u2013 Kas\u0131m<\/li><li>d\u00e9cembre &#8211; Aral\u0131k<\/li><\/ul>\n\n\n\n<h2 id=\"fransizca-aylar-ve-turkce-okunuslari\"><strong>Frans\u0131zca Aylar ve T\u00fcrk\u00e7e Okunu\u015flar\u0131<\/strong><\/h2>\n\n\n\n<ul><li>Ocak \u2013 janvier \u2013 jonviye<\/li><li>\u015eubat \u2013 f\u00e9vrier \u2013 fevRiye<\/li><li>Mart \u2013 mars \u2013 mars<\/li><li>Nisan \u2013 avril \u2013 avRil<\/li><li>May\u0131s \u2013 mai \u2013 me<\/li><li>Haziran \u2013 juin \u2013 juen<\/li><li>Temmuz \u2013 juillet \u2013 juiye<\/li><li>A\u011fustos \u2013 ao\u00fbt \u2013 ut<\/li><li>Eyl\u00fcl \u2013 septembre \u2013 septobR<\/li><li>Ekim \u2013 octobre \u2013 oktobR<\/li><li>Kasim \u2013 novembre \u2013 novobR<\/li><li>Aralik \u2013 d\u00e9cembre \u2013 desobR<\/li><\/ul>\n\n\n\n<p><strong>Frans\u0131zca&#8217;da hangi ay oldu\u011funu nas\u0131l sorar\u0131z?<\/strong><\/p>\n\n\n\n<p>Hangi ayday\u0131z? \/ Quel mois sommes-nous?<\/p>\n\n\n\n<p>\u015eubat ay\u0131nday\u0131z Nous sommes en f\u00e9vrier.<\/p>\n\n\n\n<h2 id=\"fransizca-aylari-ogrenmenize-yardimci-olacak-sarkilar-hangileridir\"><strong>Frans\u0131zca aylar\u0131 \u00f6\u011frenmenize yard\u0131mc\u0131 olacak \u015fark\u0131lar hangileridir?<\/strong><\/h2>\n\n\n\n<p>Frans\u0131zca aylar\u0131 daha kolay ezberlemek i\u00e7in Frans\u0131zca aylar \u015fark\u0131lar\u0131n\u0131 dinleyebilirsiniz. Bu sizin i\u00e7in e\u011flenceli ve kolay bir yol olacakt\u0131r. Video payla\u015f\u0131m sitelerinde kolayl\u0131kla bulabilece\u011finiz Les Mois de l&#8217;ann\u00e9e &#8211; Alain le Lait par\u00e7as\u0131n\u0131 sizinle \u00f6rnek olarak payla\u015fabiliriz.<\/p>\n\n\n\n<p>Uzmanlar yabanc\u0131 bir dil \u00f6\u011frenmek i\u00e7in en iyi d\u00f6nemin \u00e7ocukluk \u00e7a\u011f\u0131 oldu\u011funun alt\u0131n\u0131 \u00e7iziyor. Fundomundo\u2019nun ke\u015fif dolu d\u00fcnyas\u0131nda \u00e7ocu\u011funuz kendi ev ortam\u0131nda, se\u00e7ece\u011finiz size uygun ders saatlerinde online ders ile Frans\u0131zca \u00f6\u011frenmeye ba\u015flayabilir. <a href=\"https:\/\/www.fundomundo.com\/tr-tr\/yabanci-dil\">\u00c7ocuklar \u0130\u00e7in Yabanc\u0131 Dil Dersleri<\/a> sekmesinden<a href=\"https:\/\/www.fundomundo.com\/tr-tr\/fransizca\">, \u00c7ocuklar \u0130\u00e7in Frans\u0131zca Dersleri<\/a> se\u00e7ebilir son derece keyifli bir yabanc\u0131 dil \u00f6\u011frenme ser\u00fcvenine ba\u015flamas\u0131n\u0131 sa\u011flayabilirsiniz.<\/p>\n","protected":false},"excerpt":{"rendered":"<p>Avrupa k\u0131tas\u0131n\u0131n en \u00e7ok konu\u015fulan dilleri aras\u0131nda yer alan Frans\u0131zca, \u00e7ocuktan gence bir\u00e7ok ki\u015fi taraf\u0131ndan \u00f6\u011frenilmek isteniyor. E\u011fitim, i\u015f d\u00fcnyas\u0131 ya da tamamen yeni bir dil ile yeni bir d\u00fcnyan\u0131n&hellip;<\/p>\n","protected":false},"author":2,"featured_media":2894,"comment_status":"closed","ping_status":"open","sticky":false,"template":"","format":"standard","meta":[],"categories":[10],"tags":[],"powerkit_post_featured":[],"_links":{"self":[{"href":"https:\/\/www.fundomundo.com\/kesfet\/wp-json\/wp\/v2\/posts\/2893"}],"collection":[{"href":"https:\/\/www.fundomundo.com\/kesfet\/wp-json\/wp\/v2\/posts"}],"about":[{"href":"https:\/\/www.fundomundo.com\/kesfet\/wp-json\/wp\/v2\/types\/post"}],"author":[{"embeddable":true,"href":"https:\/\/www.fundomundo.com\/kesfet\/wp-json\/wp\/v2\/users\/2"}],"replies":[{"embeddable":true,"href":"https:\/\/www.fundomundo.com\/kesfet\/wp-json\/wp\/v2\/comments?post=2893"}],"version-history":[{"count":1,"href":"https:\/\/www.fundomundo.com\/kesfet\/wp-json\/wp\/v2\/posts\/2893\/revisions"}],"predecessor-version":[{"id":2895,"href":"https:\/\/www.fundomundo.com\/kesfet\/wp-json\/wp\/v2\/posts\/2893\/revisions\/2895"}],"wp:featuredmedia":[{"embeddable":true,"href":"https:\/\/www.fundomundo.com\/kesfet\/wp-json\/wp\/v2\/media\/2894"}],"wp:attachment":[{"href":"https:\/\/www.fundomundo.com\/kesfet\/wp-json\/wp\/v2\/media?parent=2893"}],"wp:term":[{"taxonomy":"category","embeddable":true,"href":"https:\/\/www.fundomundo.com\/kesfet\/wp-json\/wp\/v2\/categories?post=2893"},{"taxonomy":"post_tag","embeddable":true,"href":"https:\/\/www.fundomundo.com\/kesfet\/wp-json\/wp\/v2\/tags?post=2893"},{"taxonomy":"powerkit_post_featured","embeddable":true,"href":"https:\/\/www.fundomundo.com\/kesfet\/wp-json\/wp\/v2\/powerkit_post_featured?post=2893"}],"curies":[{"name":"wp","href":"https:\/\/api.w.org\/{rel}","templated":true}]}}