{"id":2960,"date":"2023-04-03T16:15:37","date_gmt":"2023-04-03T13:15:37","guid":{"rendered":"https:\/\/www.fundomundo.com\/kesfet\/?p=2960"},"modified":"2023-04-03T16:15:38","modified_gmt":"2023-04-03T13:15:38","slug":"ataturk-ve-cocuk-sevgisi","status":"publish","type":"post","link":"https:\/\/www.fundomundo.com\/kesfet\/ataturk-ve-cocuk-sevgisi","title":{"rendered":"Atat\u00fcrk ve \u00c7ocuk Sevgisi"},"content":{"rendered":"\n<p><a href=\"https:\/\/www.fundomundo.com\/tr-tr\/etkinlik\/gecmise-yolculuk-tarihin-onemli-duraklari\/1579\">Ge\u00e7mi\u015fe Yolculuk: Tarihin \u00d6nemli Duraklar\u0131<\/a>n\u0131 ke\u015ffetmeye haz\u0131r m\u0131s\u0131n\u0131z? Bu yaz\u0131m\u0131zda, T\u00fcrkiye Cumhuriyetinin kurucusu ve Kurtulu\u015f Sava\u015f\u0131 lideri Mustafa Kemal Atat\u00fcrk\u2019\u00fcn gen\u00e7lere verdi\u011fi \u00f6nemi inceleyece\u011fiz.\u00a0<\/p>\n\n\n\n<h2 id=\"ataturkun-cocuklar-ve-gencler-uzerine-soyledigi-sozler\"><strong>Atat\u00fcrk&#8217;\u00fcn \u00c7ocuklar ve Gen\u00e7ler \u00dczerine S\u00f6yledi\u011fi S\u00f6zler<\/strong><\/h2>\n\n\n\n<p>&#8220;\u00c7ocuk sevgisi insan sevgisi i\u00e7in bir ihtiya\u00e7t\u0131r.&#8221;<\/p>\n\n\n\n<p>&nbsp;&#8220;Ey y\u00fckselen yeni nesil, gelecek sizindir. Cumhuriyeti biz kurduk; onu y\u00fckseltecek ve s\u00fcrd\u00fcrecek sizsiniz.&#8221;<\/p>\n\n\n\n<p>&#8220;\u00c7ocuklar gelece\u011fimizin g\u00fcvencesi, ya\u015fama sevincimizdir. Bug\u00fcn\u00fcn \u00e7ocu\u011funu, yar\u0131n\u0131n b\u00fcy\u00fc\u011f\u00fc olarak yeti\u015ftirmek hepimizin insanl\u0131k g\u00f6revidir.&#8221;<\/p>\n\n\n\n<p>&#8220;K\u00fc\u00e7\u00fck han\u0131mlar, k\u00fc\u00e7\u00fck beyler! Sizler hepiniz gelece\u011fin bir g\u00fcl\u00fc, y\u0131ld\u0131z\u0131 ve ikbal \u0131\u015f\u0131\u011f\u0131s\u0131n\u0131z. Memleketi as\u0131l \u0131\u015f\u0131\u011fa bo\u011facak olan sizsiniz. Kendinizin ne kadar \u00f6nemli, de\u011ferli oldu\u011funuzu d\u00fc\u015f\u00fcnerek ona g\u00f6re \u00e7al\u0131\u015f\u0131n\u0131z. Sizlerden \u00e7ok \u015fey bekliyoruz.&#8221;<\/p>\n\n\n\n<p>&#8220;\u00c7ocuklar her t\u00fcrl\u00fc ihmal ve istismardan korunmal\u0131, onlar her ko\u015fulda yeti\u015fkinlerden daha \u00f6zel ele al\u0131nmal\u0131d\u0131r.&#8221;<\/p>\n\n\n\n<p>&#8220;Gelecek i\u00e7in haz\u0131rlanan vatan evlatlar\u0131na, hi\u00e7bir g\u00fc\u00e7l\u00fck kar\u015f\u0131s\u0131nda y\u0131lmayarak tam bir sab\u0131r ve metanetle \u00e7al\u0131\u015fmalar\u0131n\u0131 ve \u00f6\u011frenim g\u00f6ren \u00e7ocuklar\u0131m\u0131z\u0131n ana ve babalar\u0131na da yavrular\u0131n\u0131n \u00f6\u011freniminin tamamlanmas\u0131 i\u00e7in hi\u00e7bir fedakarl\u0131ktan \u00e7ekinmemelerini tavsiye ederim.&#8221;<\/p>\n\n\n\n<p>&#8220;Bug\u00fcn\u00fcn k\u00fc\u00e7\u00fckleri, yar\u0131n\u0131n b\u00fcy\u00fckleridir.&#8221;<\/p>\n\n\n\n<p>&#8220;Hedefe yaln\u0131z \u00e7ocuklar\u0131 yeti\u015ftirmekle ula\u015famay\u0131z! \u00c7ocuklar gelece\u011findir. \u00c7ocuklar gelece\u011fi yapacak adamlard\u0131r. Fakat gelece\u011fi yapacak olan bu \u00e7ocuklar\u0131 yeti\u015ftirecek analar, babalar, karde\u015fler hepsi \u015fimdiden az \u00e7ok ayd\u0131nlat\u0131lmal\u0131d\u0131r ki, yeti\u015ftirecekleri \u00e7ocuklar\u0131 bu millet ve memlekete hizmet edebilecek, yararl\u0131 ve faydal\u0131 olabilecek \u015fekilde yeti\u015ftirsinler! Hi\u00e7 olmazsa yeti\u015ftirmek l\u00fczumuna inans\u0131nlar! Okullardan ba\u015fka; gazeteler, k\u00fc\u00e7\u00fck dergiler k\u00f6ylere kadar yay\u0131nlan\u0131p da\u011f\u0131t\u0131lmal\u0131d\u0131r. Bizim k\u00f6yl\u00fcm\u00fcz ne gazete ne dergi okumaz. Bilenler bilmeyenleri toplay\u0131p, okutmay\u0131, onlara okumay\u0131 anlatmay\u0131 bir vazife bilmelidir.&#8221;&nbsp;<\/p>\n\n\n\n<p>&#8220;T\u00fcrk milletinin gelece\u011fi, bug\u00fcnk\u00fc \u00e7ocuklar\u0131n\u0131n do\u011fru g\u00f6r\u00fc\u015f\u00fc ve yorulmak bilmeyen \u00e7al\u0131\u015fma azmi ile b\u00fcy\u00fck ve parlak olacakt\u0131r.&#8221;<\/p>\n\n\n\n<p>&#8220;Her \u00e7ocu\u011fun doyas\u0131ya ya\u015famas\u0131 gereken 23 Nisan, T\u00fcrkiye\u2019nin tek ulusal bayram\u0131d\u0131r.&#8221;<\/p>\n\n\n\n<p>&#8220;\u00c7ocukl\u0251r\u0131 s\u0251\u011fl\u0131kl\u0131 ve bilgili yeti\u015ftirilmeyen ulusl\u0251r, temeli \u00e7\u00fcr\u00fck bin\u0251l\u0251r gibi \u00e7\u0251buk y\u0131k\u0131l\u0131rl\u0251r.&#8221;<\/p>\n\n\n\n<p>&#8220;Yeti\u015fecek \u00e7ocuklar\u0131m\u0131za ve gen\u00e7lerimize tahilin hududu ne olursa olsun, en evvel, her \u015feyden evvel T\u00fcrkiye&#8217;nin istiklaline, temeli benli\u011fine, milli geleneklerine d\u00fc\u015fman olan unsurlarla m\u00fccadele etmek l\u00fczumu \u00f6\u011fretilmelidir.&#8221;<\/p>\n\n\n\n<p>\u201cBiz her \u015feyi gen\u00e7li\u011fe b\u0131rakaca\u011f\u0131z&#8230; Gelece\u011fin \u00fcmidi, \u0131\u015f\u0131kl\u0131 \u00e7i\u00e7ekleri onlard\u0131r. B\u00fct\u00fcn \u00fcmidim gen\u00e7liktedir.\u201d<\/p>\n\n\n\n<h2 id=\"ataturkun-cocuk-sevgisi\"><strong>Atat\u00fcrk&#8217;\u00fcn \u00c7ocuk Sevgisi<\/strong><\/h2>\n\n\n\n<p>Mustafa Kemal Atat\u00fcrk ya\u015fam\u0131 boyunca sevdiklerine \u2018\u00e7ocuk\u2019 diye seslenmekten ho\u015flan\u0131rd\u0131. \u00c7ocu\u011fu olmamas\u0131na ra\u011fmen evlatl\u0131k edinen ve pek \u00e7ok \u00e7ocu\u011fu okutan Atat\u00fcrk, Cumhuriyeti \u00e7ocuklara ve gen\u00e7lere emanet etmi\u015fti. B\u00fct\u00fcn \u00e7ocuklar onun kendi evlad\u0131 gibiydi. Cumhuriyetin kurulu\u015fuyla ayn\u0131 g\u00fcnde \u00e7ocuk bayram\u0131n\u0131n kutlanmas\u0131n\u0131 istedi. \u00c7ocuklar\u0131n sevgisi onu daha g\u00fc\u00e7l\u00fc k\u0131l\u0131yordu. Bir keresinde \u00e7ocuklar i\u00e7in d\u00fczenlenen bir baloya kat\u0131l\u0131r. Salonun orta yerinde bekleyen bir \u00e7ocuk Atat\u00fcrk\u2019e uzun uzun bakt\u0131ktan sonra: \u2018Sizi \u00f6pmek istiyorum\u2019 der. Atat\u00fcrk ise \u015f\u00f6yle cevap verir: \u2018\u00d6yleyse, gel \u00f6p\u2019 Bunu g\u00f6ren di\u011fer \u00e7ocuklar da Atat\u00fcrk\u2019\u00fc \u00f6pmek i\u00e7in s\u0131raya girer. Herkesi duyguland\u0131ran bu g\u00f6r\u00fcnt\u00fc sevginin ger\u00e7ek kar\u015f\u0131l\u0131\u011f\u0131yd\u0131.&nbsp;<\/p>\n\n\n\n<p>Ulu \u00d6nder Atat\u00fcrk, \u00e7o\u011fu ailede o d\u00f6nemde \u00e7ocuklar\u0131n konu\u015fturulmad\u0131klar\u0131 ve dinlenmediklerini g\u00f6zlemlemi\u015ftir. Bu durumun son derece yanl\u0131\u015f oldu\u011funu her konu\u015fmas\u0131nda belirtmi\u015ftir. \u00c7ocuklar\u0131n serbest\u00e7e konu\u015fmaya, d\u00fc\u015f\u00fcnd\u00fcklerini s\u00f6ylemeye ve duyduklar\u0131n\u0131 oldu\u011fu gibi ifade etmeye te\u015fvik edilmesi gerekti\u011fini ifade etmi\u015ftir. Korkusuzca konu\u015fan \u00e7ocuklar, \u00f6z g\u00fcven kazan\u0131r ve d\u00fcr\u00fcst olmay\u0131 \u00f6\u011frenir.&nbsp;<\/p>\n\n\n\n<p>Atat\u00fcrk i\u00e7in \u00e7ocuk, vatan gibi sevilmesi ve korunmas\u0131 gereken bir varl\u0131kt\u0131r. Atat\u00fcrk\u2019le kar\u015f\u0131lan \u00e7ocuklar\u0131n hayat\u0131 de\u011fi\u015fmi\u015ftir. Onlara her zaman destek olmu\u015ftur. Burs vermi\u015f, evlat edinmi\u015f ve okutmu\u015ftur. Yurt gezilerinde okullar\u0131 ziyaret etmi\u015f, \u00f6\u011frencilerle birlikte ayn\u0131 s\u0131ralara oturup ders dinlemi\u015f ve sorular sormu\u015ftur.<\/p>\n\n\n\n<p>Ulu \u00d6nder\u2019in \u00e7ocuklara yakla\u015f\u0131m\u0131, Avrupal\u0131 pedagoglar\u0131n g\u00f6r\u00fc\u015fleri ise paraleldir. \u00c7ocuklara b\u00fcy\u00fck insan gibi davran\u0131r, konu\u015fmalar\u0131n\u0131 uzun uzun dinler ve sorular sorard\u0131. Bug\u00fcn\u00fcn k\u00fc\u00e7\u00fc\u011f\u00fc, yar\u0131n\u0131n b\u00fcy\u00fc\u011f\u00fcd\u00fcr. Bug\u00fcn \u00f6nemsiz gibi g\u00f6r\u00fcnen bir \u00e7ocuk gelece\u011fin en b\u00fcy\u00fck ismi ve kahraman\u0131 olabilir. Cumhuriyetin temellerinde e\u015fit e\u011fitim hakk\u0131 vard\u0131r. \u00c7ocuklar\u0131n ve gen\u00e7lerin yar\u0131nlara haz\u0131rlanmas\u0131 i\u00e7in \u00e7a\u011f\u0131n gereklerine uygun bir e\u011fitim politikas\u0131 haz\u0131rlanmal\u0131yd\u0131. Bunun i\u00e7in harf ink\u0131lab\u0131, e\u011fitim seferberli\u011fi, e\u011fitim \u00f6\u011fretimin tek yerde toplanmas\u0131 gerekiyordu. Geli\u015fimin \u00f6n\u00fcndeki engeller birer birer kald\u0131r\u0131ld\u0131. \u00c7ocuklar\u0131n \u00f6\u011frenmesinin \u00f6n\u00fcndeki sorunlar d\u00fczeltildi.<\/p>\n\n\n\n<p><a href=\"https:\/\/www.fundomundo.com\/tr-tr\/sosyal-bilimler\">Sosyal bilimler<\/a> oldu\u011fu gibi farkl\u0131 bilim dallar\u0131 da ilerleme i\u00e7in \u015fartt\u0131. D\u00fcnyadaki geli\u015fmeleri takip eden Atat\u00fcrk, Osmanl\u0131 \u0130mparatorlu\u011funun sorunlar\u0131n\u0131 o y\u0131llarda g\u00f6rm\u00fc\u015ft\u00fc. Temelleri yeni at\u0131lan Cumhuriyetin vakit kaybetme l\u00fcks\u00fc yoktu. Sava\u015f s\u0131ras\u0131nda dahi e\u011fitimin devam etmesini istedi.<\/p>\n\n\n\n<h2 id=\"ataturkun-cocuk-ruhu-ve-cumhuriyet\"><strong>Atat\u00fcrk&#8217;\u00fcn \u00c7ocuk Ruhu ve Cumhuriyet<\/strong><\/h2>\n\n\n\n<p>Erken ya\u015fta babas\u0131n\u0131 kaybeden Atat\u00fcrk, \u00f6\u011frenmeye ve \u00f6\u011fretmeye merakl\u0131d\u0131r. Ger\u00e7ek kurtulu\u015fun e\u011fitimle sa\u011flanaca\u011f\u0131n\u0131 d\u00fc\u015f\u00fcn\u00fcyordu. Cumhuriyet s\u00fcrekli bir geli\u015fim, yenilenme, at\u0131l\u0131m i\u00e7inde olmal\u0131yd\u0131. Cumhuriyetin \u00f6z\u00fcnde bir \u00e7ocuk vard\u0131. Onun i\u00e7inde ya\u015fayan dinamik, taze ve yarat\u0131c\u0131 bir \u00e7ocuk yat\u0131yordu. D\u00fc\u015f\u00fcncede, bilimde, sanatta ve benzeri bir\u00e7ok alanda yarat\u0131c\u0131 \u00fcr\u00fcnler ortaya konulmal\u0131d\u0131r. Her daim taze ve ke\u015ffedici olma \u00f6zelli\u011fi korunmal\u0131yd\u0131.&nbsp;<\/p>\n\n\n\n<p>Atat\u00fcrk, \u00e7a\u011f\u0131n gereklerini kar\u015f\u0131lamaktan uzak, yarat\u0131c\u0131l\u0131\u011f\u0131 engelleyen geleneksel ve ezberci e\u011fitim sisteminden ho\u015flanm\u0131yordu. Geleneksel e\u011fitim milli olmaktan ve bilimsellikten uzakt\u0131. Ger\u00e7ek kurtulu\u015fun ancak e\u011fitimle sa\u011flanaca\u011f\u0131 d\u00fc\u015f\u00fcncesindeydi. O e\u011fitim bir milleti ya ba\u011f\u0131ms\u0131z yapar ya da esarete s\u00fcr\u00fckler. E\u011fitimin \u00fczerinde durulan noktalardan biri milli ve bilimsellik anlay\u0131\u015f\u0131d\u0131r. K\u00fclt\u00fcr\u00fcn temeli okumak, anlamak, g\u00f6rmek, \u00e7\u0131kar\u0131m yapmak ve d\u00fc\u015f\u00fcnmektir.&nbsp;<\/p>\n\n\n\n<p>Atat\u00fcrk, en b\u00fcy\u00fck eserini Cumhuriyeti T\u00fcrk gen\u00e7li\u011fine emanet etmesi bu y\u00fczdendir.<\/p>\n","protected":false},"excerpt":{"rendered":"<p>Ge\u00e7mi\u015fe Yolculuk: Tarihin \u00d6nemli Duraklar\u0131n\u0131 ke\u015ffetmeye haz\u0131r m\u0131s\u0131n\u0131z? Bu yaz\u0131m\u0131zda, T\u00fcrkiye Cumhuriyetinin kurucusu ve Kurtulu\u015f Sava\u015f\u0131 lideri Mustafa Kemal Atat\u00fcrk\u2019\u00fcn gen\u00e7lere verdi\u011fi \u00f6nemi inceleyece\u011fiz.\u00a0 Atat\u00fcrk&#8217;\u00fcn \u00c7ocuklar ve Gen\u00e7ler \u00dczerine S\u00f6yledi\u011fi&hellip;<\/p>\n","protected":false},"author":2,"featured_media":2961,"comment_status":"closed","ping_status":"open","sticky":false,"template":"","format":"standard","meta":[],"categories":[10],"tags":[],"powerkit_post_featured":[],"_links":{"self":[{"href":"https:\/\/www.fundomundo.com\/kesfet\/wp-json\/wp\/v2\/posts\/2960"}],"collection":[{"href":"https:\/\/www.fundomundo.com\/kesfet\/wp-json\/wp\/v2\/posts"}],"about":[{"href":"https:\/\/www.fundomundo.com\/kesfet\/wp-json\/wp\/v2\/types\/post"}],"author":[{"embeddable":true,"href":"https:\/\/www.fundomundo.com\/kesfet\/wp-json\/wp\/v2\/users\/2"}],"replies":[{"embeddable":true,"href":"https:\/\/www.fundomundo.com\/kesfet\/wp-json\/wp\/v2\/comments?post=2960"}],"version-history":[{"count":1,"href":"https:\/\/www.fundomundo.com\/kesfet\/wp-json\/wp\/v2\/posts\/2960\/revisions"}],"predecessor-version":[{"id":2962,"href":"https:\/\/www.fundomundo.com\/kesfet\/wp-json\/wp\/v2\/posts\/2960\/revisions\/2962"}],"wp:featuredmedia":[{"embeddable":true,"href":"https:\/\/www.fundomundo.com\/kesfet\/wp-json\/wp\/v2\/media\/2961"}],"wp:attachment":[{"href":"https:\/\/www.fundomundo.com\/kesfet\/wp-json\/wp\/v2\/media?parent=2960"}],"wp:term":[{"taxonomy":"category","embeddable":true,"href":"https:\/\/www.fundomundo.com\/kesfet\/wp-json\/wp\/v2\/categories?post=2960"},{"taxonomy":"post_tag","embeddable":true,"href":"https:\/\/www.fundomundo.com\/kesfet\/wp-json\/wp\/v2\/tags?post=2960"},{"taxonomy":"powerkit_post_featured","embeddable":true,"href":"https:\/\/www.fundomundo.com\/kesfet\/wp-json\/wp\/v2\/powerkit_post_featured?post=2960"}],"curies":[{"name":"wp","href":"https:\/\/api.w.org\/{rel}","templated":true}]}}